{"id":15602,"date":"2026-04-24T11:10:10","date_gmt":"2026-04-24T11:10:10","guid":{"rendered":"https:\/\/arableague.news\/la-france-veut-que-le-gouvernement-israelien-change-sa-politique-en-cisjordanie-et-a-gaza\/"},"modified":"2026-04-24T11:10:10","modified_gmt":"2026-04-24T11:10:10","slug":"la-france-veut-que-le-gouvernement-israelien-change-sa-politique-en-cisjordanie-et-a-gaza","status":"publish","type":"post","link":"https:\/\/arableague.news\/fr\/la-france-veut-que-le-gouvernement-israelien-change-sa-politique-en-cisjordanie-et-a-gaza\/","title":{"rendered":"La France veut que \u00ab\u00a0le gouvernement isra\u00e9lien change sa politique\u00a0\u00bb en Cisjordanie et \u00e0 Gaza"},"content":{"rendered":"<p><br \/>\n<\/p>\n<div id=\"\">\n<figure class=\"article__media\"> <picture class=\"article__media\">  <\/picture><figcaption class=\"article__legend\" aria-hidden=\"true\">Le ministre des affaires \u00e9trang\u00e8res fran\u00e7ais, Jean-No\u00ebl Barrot, \u00e0 Strasbourg, le 20\u00a0avril 2026.  <span class=\"article__credit\" aria-hidden=\"true\">JEAN-CHRISTOPHE VERHAEGEN\/AFP<\/span>  <\/figcaption><\/figure>\n<p class=\"article__paragraph  \">Le ministre des affaires \u00e9trang\u00e8res, Jean-No\u00ebl Barrot, a d\u00e9clar\u00e9, jeudi 23\u00a0avril, esp\u00e9rer que des sanctions europ\u00e9ennes soient adopt\u00e9es <em>\u00ab\u00a0dans les prochains jours\u00a0\u00bb<\/em> contre les colons isra\u00e9liens <em>\u00ab\u00a0responsables de meurtres de Palestiniens ou d\u2019incendies en Cisjordanie\u00a0\u00bb<\/em>.<\/p>\n<section class=\"catcher catcher--favoris\">\n<div class=\"catcher__content\"><span class=\"catcher__title catcher__title--hide\">Lire aussi |<\/span><span class=\"catcher__desc\">  <a href=\"https:\/\/www.lemonde.fr\/international\/live\/2026\/04\/23\/en-direct-guerre-au-moyen-orient-donald-trump-assure-avoir-tout-le-temps-necessaire-concernant-l-iran-le-porte-avions-uss-george-hw-bush-navigue-a-proximite-du-moyen-orient_6681958_3210.html\" class=\"js-article-read-also catcher--favoris__link\" data-premium=\"\" id=\"article-title-3468589\" rel=\"nofollow noopener\" target=\"_blank\">EN DIRECT, guerre au Moyen-Orient\u00a0: le prix du baril de p\u00e9trole s\u2019installe&#8230;<\/a><\/span><\/div>\n<\/section>\n<\/div>\n<p><br \/>\n<br \/><a href=\"https:\/\/www.lemonde.fr\/guerre-au-proche-orient\/article\/2026\/04\/23\/en-cisjordanie-et-a-gaza-la-france-veut-que-le-gouvernement-israelien-change-sa-politique_6682784_6325529.html\" rel=\"nofollow noopener\" target=\"_blank\">Source link <\/a><\/p>\n","protected":false},"excerpt":{"rendered":"<p>Le ministre des affaires \u00e9trang\u00e8res fran\u00e7ais, Jean-No\u00ebl Barrot, \u00e0 Strasbourg, le 20\u00a0avril 2026. JEAN-CHRISTOPHE&hellip;<\/p>\n","protected":false},"author":1,"featured_media":0,"comment_status":"open","ping_status":"open","sticky":false,"template":"","format":"standard","meta":{"_lmt_disableupdate":"","_lmt_disable":"","footnotes":""},"categories":[1180,1215],"tags":[],"class_list":["post-15602","post","type-post","status-publish","format-standard","hentry","category-la-palestine","category-1215"],"_links":{"self":[{"href":"https:\/\/arableague.news\/fr\/wp-json\/wp\/v2\/posts\/15602","targetHints":{"allow":["GET"]}}],"collection":[{"href":"https:\/\/arableague.news\/fr\/wp-json\/wp\/v2\/posts"}],"about":[{"href":"https:\/\/arableague.news\/fr\/wp-json\/wp\/v2\/types\/post"}],"author":[{"embeddable":true,"href":"https:\/\/arableague.news\/fr\/wp-json\/wp\/v2\/users\/1"}],"replies":[{"embeddable":true,"href":"https:\/\/arableague.news\/fr\/wp-json\/wp\/v2\/comments?post=15602"}],"version-history":[{"count":0,"href":"https:\/\/arableague.news\/fr\/wp-json\/wp\/v2\/posts\/15602\/revisions"}],"wp:attachment":[{"href":"https:\/\/arableague.news\/fr\/wp-json\/wp\/v2\/media?parent=15602"}],"wp:term":[{"taxonomy":"category","embeddable":true,"href":"https:\/\/arableague.news\/fr\/wp-json\/wp\/v2\/categories?post=15602"},{"taxonomy":"post_tag","embeddable":true,"href":"https:\/\/arableague.news\/fr\/wp-json\/wp\/v2\/tags?post=15602"}],"curies":[{"name":"wp","href":"https:\/\/api.w.org\/{rel}","templated":true}]}}