{"id":15597,"date":"2026-04-24T08:40:06","date_gmt":"2026-04-24T08:40:06","guid":{"rendered":"https:\/\/arableague.news\/le-genocide-des-yezidis-raconte-par-un-de-ses-survivants\/"},"modified":"2026-04-24T08:40:06","modified_gmt":"2026-04-24T08:40:06","slug":"le-genocide-des-yezidis-raconte-par-un-de-ses-survivants","status":"publish","type":"post","link":"https:\/\/arableague.news\/fr\/le-genocide-des-yezidis-raconte-par-un-de-ses-survivants\/","title":{"rendered":"le g\u00e9nocide des y\u00e9zidis racont\u00e9 par un de ses survivants"},"content":{"rendered":"<p><br \/>\n<\/p>\n<div id=\"\">\n<p class=\"article__paragraph article__paragraph--lf \">Le 15\u00a0ao\u00fbt\u00a02014, entre midi et 15\u00a0heures, la quasi-totalit\u00e9 des hommes et des gar\u00e7ons pub\u00e8res de Kocho, un village y\u00e9zidi pos\u00e9 sur une plaine poussi\u00e9reuse au pied des monts Sinjar, en Irak, berceau historique de cette communaut\u00e9 ancestrale, ont \u00e9t\u00e9 ex\u00e9cut\u00e9s par des hommes en armes venus des villages arabes voisins qui portaient le drapeau noir de l\u2019organisation Etat islamique (EI). Dans les heures qui ont suivi, l\u2019ensemble des femmes, des jeunes filles et des enfants ont \u00e9t\u00e9 emmen\u00e9s dans des camions, puis tri\u00e9s en fonction de leur \u00e2ge pour \u00eatre r\u00e9duits en&#8230;<\/p>\n<\/div>\n<p><br \/>\n<br \/><a href=\"https:\/\/www.lemonde.fr\/international\/article\/2026\/04\/20\/ils-ont-dit-mettez-vous-un-par-un-on-va-tuer-tout-le-monde-le-genocide-des-yezidis-raconte-par-un-de-ses-survivants_6681764_3210.html\" rel=\"nofollow noopener\" target=\"_blank\">Source link <\/a><\/p>\n","protected":false},"excerpt":{"rendered":"<p>Le 15\u00a0ao\u00fbt\u00a02014, entre midi et 15\u00a0heures, la quasi-totalit\u00e9 des hommes et des gar\u00e7ons pub\u00e8res&hellip;<\/p>\n","protected":false},"author":1,"featured_media":0,"comment_status":"open","ping_status":"open","sticky":false,"template":"","format":"standard","meta":{"_lmt_disableupdate":"","_lmt_disable":"","footnotes":""},"categories":[1172,1207],"tags":[],"class_list":["post-15597","post","type-post","status-publish","format-standard","hentry","category-lirak","category-1207"],"_links":{"self":[{"href":"https:\/\/arableague.news\/fr\/wp-json\/wp\/v2\/posts\/15597","targetHints":{"allow":["GET"]}}],"collection":[{"href":"https:\/\/arableague.news\/fr\/wp-json\/wp\/v2\/posts"}],"about":[{"href":"https:\/\/arableague.news\/fr\/wp-json\/wp\/v2\/types\/post"}],"author":[{"embeddable":true,"href":"https:\/\/arableague.news\/fr\/wp-json\/wp\/v2\/users\/1"}],"replies":[{"embeddable":true,"href":"https:\/\/arableague.news\/fr\/wp-json\/wp\/v2\/comments?post=15597"}],"version-history":[{"count":0,"href":"https:\/\/arableague.news\/fr\/wp-json\/wp\/v2\/posts\/15597\/revisions"}],"wp:attachment":[{"href":"https:\/\/arableague.news\/fr\/wp-json\/wp\/v2\/media?parent=15597"}],"wp:term":[{"taxonomy":"category","embeddable":true,"href":"https:\/\/arableague.news\/fr\/wp-json\/wp\/v2\/categories?post=15597"},{"taxonomy":"post_tag","embeddable":true,"href":"https:\/\/arableague.news\/fr\/wp-json\/wp\/v2\/tags?post=15597"}],"curies":[{"name":"wp","href":"https:\/\/api.w.org\/{rel}","templated":true}]}}